{"id":1040,"date":"2025-04-07T20:22:00","date_gmt":"2025-04-07T20:22:00","guid":{"rendered":"https:\/\/www.anvp.cl\/?p=1040"},"modified":"2025-05-15T20:27:37","modified_gmt":"2025-05-15T20:27:37","slug":"columna-administracion-desleal","status":"publish","type":"post","link":"https:\/\/www.anvp.cl\/en\/columna-administracion-desleal\/","title":{"rendered":"Columna. Administraci\u00f3n desleal."},"content":{"rendered":"<p>Este fin de semana, El Mercurio public\u00f3 una carta al director sobre administraci\u00f3n desleal, escrita por nuestro socio <a href=\"https:\/\/www.linkedin.com\/in\/ACoAAAdv0oEB1YWiXOh1F9GA3mWagX7sKi5Tj2w\"><\/a><a href=\"https:\/\/www.linkedin.com\/in\/ernesto-vargas-weil-28195035\/\">Ernesto Vargas Weil<\/a> junto a la profesora <a href=\"https:\/\/www.linkedin.com\/in\/ACoAACR8x5EBIwBv5nTCebrE71blJkpnM_BJvuM\"><\/a><a href=\"https:\/\/www.linkedin.com\/in\/maria-ithurria\/\">Mar\u00eda Jes\u00fas Ithurria Benavente<\/a>.<\/p>\n\n\n\n<figure class=\"wp-block-image size-large\"><img loading=\"lazy\" decoding=\"async\" width=\"865\" height=\"1024\" src=\"https:\/\/www.anvp.cl\/wp-content\/uploads\/2025\/05\/Administracion-desleal-865x1024.jpeg\" alt=\"\" class=\"wp-image-1041\" srcset=\"https:\/\/www.anvp.cl\/wp-content\/uploads\/2025\/05\/Administracion-desleal-865x1024.jpeg 865w, https:\/\/www.anvp.cl\/wp-content\/uploads\/2025\/05\/Administracion-desleal-253x300.jpeg 253w, https:\/\/www.anvp.cl\/wp-content\/uploads\/2025\/05\/Administracion-desleal-768x909.jpeg 768w, https:\/\/www.anvp.cl\/wp-content\/uploads\/2025\/05\/Administracion-desleal-10x12.jpeg 10w, https:\/\/www.anvp.cl\/wp-content\/uploads\/2025\/05\/Administracion-desleal-700x829.jpeg 700w, https:\/\/www.anvp.cl\/wp-content\/uploads\/2025\/05\/Administracion-desleal-520x616.jpeg 520w, https:\/\/www.anvp.cl\/wp-content\/uploads\/2025\/05\/Administracion-desleal-360x426.jpeg 360w, https:\/\/www.anvp.cl\/wp-content\/uploads\/2025\/05\/Administracion-desleal-250x296.jpeg 250w, https:\/\/www.anvp.cl\/wp-content\/uploads\/2025\/05\/Administracion-desleal-100x118.jpeg 100w, https:\/\/www.anvp.cl\/wp-content\/uploads\/2025\/05\/Administracion-desleal.jpeg 902w\" sizes=\"auto, (max-width: 865px) 100vw, 865px\" \/><\/figure>","protected":false},"excerpt":{"rendered":"<p>Este fin de semana, El Mercurio public\u00f3 una carta al director sobre administraci\u00f3n desleal, escrita por nuestro socio Ernesto Vargas Weil junto a la profesora Mar\u00eda Jes\u00fas Ithurria Benavente.<\/p>","protected":false},"author":1,"featured_media":821,"comment_status":"open","ping_status":"open","sticky":false,"template":"","format":"standard","meta":{"footnotes":""},"categories":[1],"tags":[18,19],"class_list":["post-1040","post","type-post","status-publish","format-standard","has-post-thumbnail","hentry","category-uncategorized","tag-columna","tag-el-mercurio","clearfix"],"_links":{"self":[{"href":"https:\/\/www.anvp.cl\/en\/wp-json\/wp\/v2\/posts\/1040","targetHints":{"allow":["GET"]}}],"collection":[{"href":"https:\/\/www.anvp.cl\/en\/wp-json\/wp\/v2\/posts"}],"about":[{"href":"https:\/\/www.anvp.cl\/en\/wp-json\/wp\/v2\/types\/post"}],"author":[{"embeddable":true,"href":"https:\/\/www.anvp.cl\/en\/wp-json\/wp\/v2\/users\/1"}],"replies":[{"embeddable":true,"href":"https:\/\/www.anvp.cl\/en\/wp-json\/wp\/v2\/comments?post=1040"}],"version-history":[{"count":1,"href":"https:\/\/www.anvp.cl\/en\/wp-json\/wp\/v2\/posts\/1040\/revisions"}],"predecessor-version":[{"id":1042,"href":"https:\/\/www.anvp.cl\/en\/wp-json\/wp\/v2\/posts\/1040\/revisions\/1042"}],"wp:featuredmedia":[{"embeddable":true,"href":"https:\/\/www.anvp.cl\/en\/wp-json\/wp\/v2\/media\/821"}],"wp:attachment":[{"href":"https:\/\/www.anvp.cl\/en\/wp-json\/wp\/v2\/media?parent=1040"}],"wp:term":[{"taxonomy":"category","embeddable":true,"href":"https:\/\/www.anvp.cl\/en\/wp-json\/wp\/v2\/categories?post=1040"},{"taxonomy":"post_tag","embeddable":true,"href":"https:\/\/www.anvp.cl\/en\/wp-json\/wp\/v2\/tags?post=1040"}],"curies":[{"name":"wp","href":"https:\/\/api.w.org\/{rel}","templated":true}]}}