{"id":1085,"date":"2025-07-28T15:30:07","date_gmt":"2025-07-28T15:30:07","guid":{"rendered":"https:\/\/www.anvp.cl\/?p=1085"},"modified":"2025-07-28T15:30:09","modified_gmt":"2025-07-28T15:30:09","slug":"columna-la-practica-para-la-abogacia-y-su-incumplido-deber-formativo","status":"publish","type":"post","link":"https:\/\/www.anvp.cl\/en\/columna-la-practica-para-la-abogacia-y-su-incumplido-deber-formativo\/","title":{"rendered":"Columna. La pr\u00e1ctica (para la abogac\u00eda) y su incumplido deber formativo."},"content":{"rendered":"<p>Compartimos la columna de nuestro socio, \u00c1lvaro Anr\u00edquez publicada en El Mercurio Legal, en que analiza cr\u00edticamente el rol formativo de la pr\u00e1ctica profesional para la abogac\u00eda. <\/p>\n\n\n\n<p>La columna se encuentra disponible para su visualizaci\u00f3n y descarga <a href=\"https:\/\/media.licdn.com\/dms\/document\/media\/v2\/D4D1FAQGpk-y1Okb6Rw\/feedshare-document-pdf-analyzed\/B4DZhRoMk8H4Ak-\/0\/1753716150427?e=1754524800&amp;v=beta&amp;t=d6KlOkYkrb4P4a5eXADR5vIletCmh9SY18GtLnCQIWM\">aqu\u00ed.<\/a><\/p>\n\n\n\n<p><\/p>","protected":false},"excerpt":{"rendered":"<p>Compartimos la columna de nuestro socio, \u00c1lvaro Anr\u00edquez publicada en El Mercurio Legal, en que analiza cr\u00edticamente el rol formativo de la pr\u00e1ctica profesional para la abogac\u00eda. La columna se encuentra disponible para su visualizaci\u00f3n y descarga aqu\u00ed.<\/p>","protected":false},"author":1,"featured_media":1073,"comment_status":"open","ping_status":"open","sticky":false,"template":"","format":"standard","meta":{"footnotes":""},"categories":[1],"tags":[36,18,19,41,40],"class_list":["post-1085","post","type-post","status-publish","format-standard","has-post-thumbnail","hentry","category-uncategorized","tag-abogacia","tag-columna","tag-el-mercurio","tag-el-mercurio-legal","tag-practica-profesional","clearfix"],"_links":{"self":[{"href":"https:\/\/www.anvp.cl\/en\/wp-json\/wp\/v2\/posts\/1085","targetHints":{"allow":["GET"]}}],"collection":[{"href":"https:\/\/www.anvp.cl\/en\/wp-json\/wp\/v2\/posts"}],"about":[{"href":"https:\/\/www.anvp.cl\/en\/wp-json\/wp\/v2\/types\/post"}],"author":[{"embeddable":true,"href":"https:\/\/www.anvp.cl\/en\/wp-json\/wp\/v2\/users\/1"}],"replies":[{"embeddable":true,"href":"https:\/\/www.anvp.cl\/en\/wp-json\/wp\/v2\/comments?post=1085"}],"version-history":[{"count":1,"href":"https:\/\/www.anvp.cl\/en\/wp-json\/wp\/v2\/posts\/1085\/revisions"}],"predecessor-version":[{"id":1086,"href":"https:\/\/www.anvp.cl\/en\/wp-json\/wp\/v2\/posts\/1085\/revisions\/1086"}],"wp:featuredmedia":[{"embeddable":true,"href":"https:\/\/www.anvp.cl\/en\/wp-json\/wp\/v2\/media\/1073"}],"wp:attachment":[{"href":"https:\/\/www.anvp.cl\/en\/wp-json\/wp\/v2\/media?parent=1085"}],"wp:term":[{"taxonomy":"category","embeddable":true,"href":"https:\/\/www.anvp.cl\/en\/wp-json\/wp\/v2\/categories?post=1085"},{"taxonomy":"post_tag","embeddable":true,"href":"https:\/\/www.anvp.cl\/en\/wp-json\/wp\/v2\/tags?post=1085"}],"curies":[{"name":"wp","href":"https:\/\/api.w.org\/{rel}","templated":true}]}}