{"id":880,"date":"2022-03-26T17:45:00","date_gmt":"2022-03-26T17:45:00","guid":{"rendered":"https:\/\/www.anvp.cl\/?p=880"},"modified":"2022-05-23T18:13:19","modified_gmt":"2022-05-23T18:13:19","slug":"columna-el-espejismo-de-la-constitucion-sustantiva","status":"publish","type":"post","link":"https:\/\/www.anvp.cl\/en\/columna-el-espejismo-de-la-constitucion-sustantiva\/","title":{"rendered":"Columna. El espejismo de la Constituci\u00f3n sustantiva."},"content":{"rendered":"<p>La edici\u00f3n del s\u00e1bado 26 de marzo de 2022 del diario El Mercurio incluye una columna de nuestro socio Ernesto Vargas, junto a Rodrigo Kaufman. La columna, titulada \u201cEl espejismo de la constituci\u00f3n sustantiva\u201d, argumenta que una eventual nueva constituci\u00f3n para Chile debiera concentrarse en fijar las reglas para organizar el poder pol\u00edtico, dejando el grueso de las decisiones de pol\u00edtica sustantiva a la democracia que opera por la legislaci\u00f3n ordinaria. <\/p>","protected":false},"excerpt":{"rendered":"<p>La edici\u00f3n del s\u00e1bado 26 de marzo de 2022 del diario El Mercurio incluye una columna de nuestro socio Ernesto Vargas, junto a Rodrigo Kaufman. La columna, titulada \u201cEl espejismo de la constituci\u00f3n sustantiva\u201d, argumenta que una eventual nueva constituci\u00f3n [&hellip;]<\/p>\n","protected":false},"author":1,"featured_media":881,"comment_status":"closed","ping_status":"closed","sticky":false,"template":"","format":"standard","meta":{"footnotes":""},"categories":[14,13],"tags":[18,16,20,19],"class_list":["post-880","post","type-post","status-publish","format-standard","has-post-thumbnail","hentry","category-noticias","category-publicaciones","tag-columna","tag-constitucion","tag-convencion-constitucional","tag-el-mercurio","clearfix"],"_links":{"self":[{"href":"https:\/\/www.anvp.cl\/en\/wp-json\/wp\/v2\/posts\/880","targetHints":{"allow":["GET"]}}],"collection":[{"href":"https:\/\/www.anvp.cl\/en\/wp-json\/wp\/v2\/posts"}],"about":[{"href":"https:\/\/www.anvp.cl\/en\/wp-json\/wp\/v2\/types\/post"}],"author":[{"embeddable":true,"href":"https:\/\/www.anvp.cl\/en\/wp-json\/wp\/v2\/users\/1"}],"replies":[{"embeddable":true,"href":"https:\/\/www.anvp.cl\/en\/wp-json\/wp\/v2\/comments?post=880"}],"version-history":[{"count":3,"href":"https:\/\/www.anvp.cl\/en\/wp-json\/wp\/v2\/posts\/880\/revisions"}],"predecessor-version":[{"id":890,"href":"https:\/\/www.anvp.cl\/en\/wp-json\/wp\/v2\/posts\/880\/revisions\/890"}],"wp:featuredmedia":[{"embeddable":true,"href":"https:\/\/www.anvp.cl\/en\/wp-json\/wp\/v2\/media\/881"}],"wp:attachment":[{"href":"https:\/\/www.anvp.cl\/en\/wp-json\/wp\/v2\/media?parent=880"}],"wp:term":[{"taxonomy":"category","embeddable":true,"href":"https:\/\/www.anvp.cl\/en\/wp-json\/wp\/v2\/categories?post=880"},{"taxonomy":"post_tag","embeddable":true,"href":"https:\/\/www.anvp.cl\/en\/wp-json\/wp\/v2\/tags?post=880"}],"curies":[{"name":"wp","href":"https:\/\/api.w.org\/{rel}","templated":true}]}}