{"id":916,"date":"2022-12-23T19:09:47","date_gmt":"2022-12-23T19:09:47","guid":{"rendered":"https:\/\/www.anvp.cl\/?p=916"},"modified":"2023-04-24T13:48:45","modified_gmt":"2023-04-24T13:48:45","slug":"nuevo-ceol-en-maricunga-expropiacion-o-conflicto-de-derechos","status":"publish","type":"post","link":"https:\/\/www.anvp.cl\/en\/nuevo-ceol-en-maricunga-expropiacion-o-conflicto-de-derechos\/","title":{"rendered":"Columna: Nuevo CEOL en Maricunga: \u00bfexpropiaci\u00f3n o conflicto de derechos?"},"content":{"rendered":"<p>El d\u00eda de hoy fue publicada en el Mercurio Legal la columna de nuestros socios \u00c1lvaro Anr\u00edquez y Ernesto Vargas, en que se aborda un entendimiento alternativo a la solicitud de nuevo CEOL en Maricunga desde las categor\u00edas del derecho privado a la que pueden acceder en <a href=\"https:\/\/www.elmercurio.com\/legal\/noticias\/opinion\/2022\/12\/23\/911804\/expropiacion-o-conflicto-de-derechos.aspx\" data-type=\"URL\" data-id=\"https:\/\/www.elmercurio.com\/legal\/noticias\/opinion\/2022\/12\/23\/911804\/expropiacion-o-conflicto-de-derechos.aspx\">this link.<\/a><\/p>\n\n\n\n<p>Disponible para descarga: <a href=\"https:\/\/drive.google.com\/file\/d\/1kGqbPwvDsF0SwZMq082ogUR9r2D6udVk\/view?usp=sharing\">aqu\u00ed. <\/a><\/p>","protected":false},"excerpt":{"rendered":"<p>El d\u00eda de hoy fue publicada en el Mercurio Legal la columna de nuestros socios \u00c1lvaro Anr\u00edquez y Ernesto Vargas, en que se aborda un entendimiento alternativo a la solicitud de nuevo CEOL en Maricunga desde las categor\u00edas del derecho [&hellip;]<\/p>\n","protected":false},"author":1,"featured_media":917,"comment_status":"closed","ping_status":"closed","sticky":false,"template":"","format":"standard","meta":{"footnotes":""},"categories":[14,13],"tags":[],"class_list":["post-916","post","type-post","status-publish","format-standard","has-post-thumbnail","hentry","category-noticias","category-publicaciones","clearfix"],"_links":{"self":[{"href":"https:\/\/www.anvp.cl\/en\/wp-json\/wp\/v2\/posts\/916","targetHints":{"allow":["GET"]}}],"collection":[{"href":"https:\/\/www.anvp.cl\/en\/wp-json\/wp\/v2\/posts"}],"about":[{"href":"https:\/\/www.anvp.cl\/en\/wp-json\/wp\/v2\/types\/post"}],"author":[{"embeddable":true,"href":"https:\/\/www.anvp.cl\/en\/wp-json\/wp\/v2\/users\/1"}],"replies":[{"embeddable":true,"href":"https:\/\/www.anvp.cl\/en\/wp-json\/wp\/v2\/comments?post=916"}],"version-history":[{"count":5,"href":"https:\/\/www.anvp.cl\/en\/wp-json\/wp\/v2\/posts\/916\/revisions"}],"predecessor-version":[{"id":954,"href":"https:\/\/www.anvp.cl\/en\/wp-json\/wp\/v2\/posts\/916\/revisions\/954"}],"wp:featuredmedia":[{"embeddable":true,"href":"https:\/\/www.anvp.cl\/en\/wp-json\/wp\/v2\/media\/917"}],"wp:attachment":[{"href":"https:\/\/www.anvp.cl\/en\/wp-json\/wp\/v2\/media?parent=916"}],"wp:term":[{"taxonomy":"category","embeddable":true,"href":"https:\/\/www.anvp.cl\/en\/wp-json\/wp\/v2\/categories?post=916"},{"taxonomy":"post_tag","embeddable":true,"href":"https:\/\/www.anvp.cl\/en\/wp-json\/wp\/v2\/tags?post=916"}],"curies":[{"name":"wp","href":"https:\/\/api.w.org\/{rel}","templated":true}]}}