{"id":963,"date":"2023-05-02T16:18:52","date_gmt":"2023-05-02T16:18:52","guid":{"rendered":"https:\/\/www.anvp.cl\/?p=963"},"modified":"2023-05-09T16:21:18","modified_gmt":"2023-05-09T16:21:18","slug":"carta-no-disponer-de-lo-ajeno","status":"publish","type":"post","link":"https:\/\/www.anvp.cl\/en\/carta-no-disponer-de-lo-ajeno\/","title":{"rendered":"Carta: No disponer de lo ajeno."},"content":{"rendered":"<p>Hasta ahora, la discusi\u00f3n sobre la Pol\u00edtica Nacional del Litio pr\u00e1cticamente no ha considerado la situaci\u00f3n de los titulares de pertenencias mineras otorgadas con antelaci\u00f3n a la reserva del litio en favor del Estado en 1979. En carta al director de El Mercurio de hoy, nuestros socios\u00a0<a href=\"https:\/\/www.linkedin.com\/in\/ACoAABbC2-4By2zxC7xlkPGxncO5I7mGoA6XwUM\">\u00c1lvaro Anr\u00edquez<\/a>\u00a0y\u00a0<a href=\"https:\/\/www.linkedin.com\/in\/ACoAAAdv0oEB1YWiXOh1F9GA3mWagX7sKi5Tj2w\">Ernesto Vargas Weil<\/a>\u00a0abordan el punto y sus implicancias para la propuesta del Gobierno.<\/p>\n\n\n\n<figure class=\"wp-block-image size-full\"><img loading=\"lazy\" decoding=\"async\" width=\"992\" height=\"970\" src=\"https:\/\/www.anvp.cl\/wp-content\/uploads\/2023\/05\/Carta-No-disponer-de-lo-ajeno.jpg\" alt=\"\" class=\"wp-image-964\" srcset=\"https:\/\/www.anvp.cl\/wp-content\/uploads\/2023\/05\/Carta-No-disponer-de-lo-ajeno.jpg 992w, https:\/\/www.anvp.cl\/wp-content\/uploads\/2023\/05\/Carta-No-disponer-de-lo-ajeno-300x293.jpg 300w, https:\/\/www.anvp.cl\/wp-content\/uploads\/2023\/05\/Carta-No-disponer-de-lo-ajeno-768x751.jpg 768w, https:\/\/www.anvp.cl\/wp-content\/uploads\/2023\/05\/Carta-No-disponer-de-lo-ajeno-12x12.jpg 12w, https:\/\/www.anvp.cl\/wp-content\/uploads\/2023\/05\/Carta-No-disponer-de-lo-ajeno-700x684.jpg 700w, https:\/\/www.anvp.cl\/wp-content\/uploads\/2023\/05\/Carta-No-disponer-de-lo-ajeno-520x508.jpg 520w, https:\/\/www.anvp.cl\/wp-content\/uploads\/2023\/05\/Carta-No-disponer-de-lo-ajeno-360x352.jpg 360w, https:\/\/www.anvp.cl\/wp-content\/uploads\/2023\/05\/Carta-No-disponer-de-lo-ajeno-250x244.jpg 250w, https:\/\/www.anvp.cl\/wp-content\/uploads\/2023\/05\/Carta-No-disponer-de-lo-ajeno-100x98.jpg 100w\" sizes=\"auto, (max-width: 992px) 100vw, 992px\" \/><\/figure>","protected":false},"excerpt":{"rendered":"<p>Hasta ahora, la discusi\u00f3n sobre la Pol\u00edtica Nacional del Litio pr\u00e1cticamente no ha considerado la situaci\u00f3n de los titulares de pertenencias mineras otorgadas con antelaci\u00f3n a la reserva del litio en favor del Estado en 1979. En carta al director [&hellip;]<\/p>\n","protected":false},"author":1,"featured_media":917,"comment_status":"closed","ping_status":"closed","sticky":false,"template":"","format":"standard","meta":{"footnotes":""},"categories":[13],"tags":[24,19,23,21],"class_list":["post-963","post","type-post","status-publish","format-standard","has-post-thumbnail","hentry","category-publicaciones","tag-carta","tag-el-mercurio","tag-litio","tag-mineria","clearfix"],"_links":{"self":[{"href":"https:\/\/www.anvp.cl\/en\/wp-json\/wp\/v2\/posts\/963","targetHints":{"allow":["GET"]}}],"collection":[{"href":"https:\/\/www.anvp.cl\/en\/wp-json\/wp\/v2\/posts"}],"about":[{"href":"https:\/\/www.anvp.cl\/en\/wp-json\/wp\/v2\/types\/post"}],"author":[{"embeddable":true,"href":"https:\/\/www.anvp.cl\/en\/wp-json\/wp\/v2\/users\/1"}],"replies":[{"embeddable":true,"href":"https:\/\/www.anvp.cl\/en\/wp-json\/wp\/v2\/comments?post=963"}],"version-history":[{"count":1,"href":"https:\/\/www.anvp.cl\/en\/wp-json\/wp\/v2\/posts\/963\/revisions"}],"predecessor-version":[{"id":965,"href":"https:\/\/www.anvp.cl\/en\/wp-json\/wp\/v2\/posts\/963\/revisions\/965"}],"wp:featuredmedia":[{"embeddable":true,"href":"https:\/\/www.anvp.cl\/en\/wp-json\/wp\/v2\/media\/917"}],"wp:attachment":[{"href":"https:\/\/www.anvp.cl\/en\/wp-json\/wp\/v2\/media?parent=963"}],"wp:term":[{"taxonomy":"category","embeddable":true,"href":"https:\/\/www.anvp.cl\/en\/wp-json\/wp\/v2\/categories?post=963"},{"taxonomy":"post_tag","embeddable":true,"href":"https:\/\/www.anvp.cl\/en\/wp-json\/wp\/v2\/tags?post=963"}],"curies":[{"name":"wp","href":"https:\/\/api.w.org\/{rel}","templated":true}]}}