{"id":968,"date":"2023-05-22T15:23:24","date_gmt":"2023-05-22T15:23:24","guid":{"rendered":"https:\/\/www.anvp.cl\/?p=968"},"modified":"2023-05-22T15:31:58","modified_gmt":"2023-05-22T15:31:58","slug":"columna-politica-nacional-del-litio-el-inadvertido-problema-del-regimen-propietario","status":"publish","type":"post","link":"https:\/\/www.anvp.cl\/en\/columna-politica-nacional-del-litio-el-inadvertido-problema-del-regimen-propietario\/","title":{"rendered":"Columna: Pol\u00edtica Nacional del Litio: el (inadvertido) problema del r\u00e9gimen Propietario"},"content":{"rendered":"<p><strong>En una columna publicada hoy por El Mostrador, nuestros socios\u00a0\u00c1lvaro Anr\u00edquez\u00a0y\u00a0Ernesto Vargas\u00a0discuten los problemas que el r\u00e9gimen general de propiedad minera plantea para la Pol\u00edtica Nacional del Litio. <\/strong><\/p>\n\n\n\n<p><strong>La columna puede leerse <a href=\"https:\/\/www.elmostrador.cl\/noticias\/opinion\/2023\/05\/22\/politica-nacional-del-litio-el-inadvertido-problema-del-regimen-propietario\/\">aqu\u00ed.<\/a>&nbsp;<\/strong><\/p>","protected":false},"excerpt":{"rendered":"<p>En una columna publicada hoy por El Mostrador, nuestros socios\u00a0\u00c1lvaro Anr\u00edquez\u00a0y\u00a0Ernesto Vargas\u00a0discuten los problemas que el r\u00e9gimen general de propiedad minera plantea para la Pol\u00edtica Nacional del Litio. La columna puede leerse aqu\u00ed.&nbsp;<\/p>","protected":false},"author":1,"featured_media":917,"comment_status":"closed","ping_status":"closed","sticky":false,"template":"","format":"standard","meta":{"footnotes":""},"categories":[1],"tags":[18,26,23,21,27],"class_list":["post-968","post","type-post","status-publish","format-standard","has-post-thumbnail","hentry","category-uncategorized","tag-columna","tag-el-mostrador","tag-litio","tag-mineria","tag-propiedad","clearfix"],"_links":{"self":[{"href":"https:\/\/www.anvp.cl\/en\/wp-json\/wp\/v2\/posts\/968","targetHints":{"allow":["GET"]}}],"collection":[{"href":"https:\/\/www.anvp.cl\/en\/wp-json\/wp\/v2\/posts"}],"about":[{"href":"https:\/\/www.anvp.cl\/en\/wp-json\/wp\/v2\/types\/post"}],"author":[{"embeddable":true,"href":"https:\/\/www.anvp.cl\/en\/wp-json\/wp\/v2\/users\/1"}],"replies":[{"embeddable":true,"href":"https:\/\/www.anvp.cl\/en\/wp-json\/wp\/v2\/comments?post=968"}],"version-history":[{"count":4,"href":"https:\/\/www.anvp.cl\/en\/wp-json\/wp\/v2\/posts\/968\/revisions"}],"predecessor-version":[{"id":973,"href":"https:\/\/www.anvp.cl\/en\/wp-json\/wp\/v2\/posts\/968\/revisions\/973"}],"wp:featuredmedia":[{"embeddable":true,"href":"https:\/\/www.anvp.cl\/en\/wp-json\/wp\/v2\/media\/917"}],"wp:attachment":[{"href":"https:\/\/www.anvp.cl\/en\/wp-json\/wp\/v2\/media?parent=968"}],"wp:term":[{"taxonomy":"category","embeddable":true,"href":"https:\/\/www.anvp.cl\/en\/wp-json\/wp\/v2\/categories?post=968"},{"taxonomy":"post_tag","embeddable":true,"href":"https:\/\/www.anvp.cl\/en\/wp-json\/wp\/v2\/tags?post=968"}],"curies":[{"name":"wp","href":"https:\/\/api.w.org\/{rel}","templated":true}]}}