{"id":976,"date":"2023-06-08T20:24:48","date_gmt":"2023-06-08T20:24:48","guid":{"rendered":"https:\/\/www.anvp.cl\/?p=976"},"modified":"2023-06-15T20:25:30","modified_gmt":"2023-06-15T20:25:30","slug":"noticia-nuestro-socio-ernesto-vargas-codirigio-la-conferencia-anual-del-young-property-lawyers-forum","status":"publish","type":"post","link":"https:\/\/www.anvp.cl\/en\/noticia-nuestro-socio-ernesto-vargas-codirigio-la-conferencia-anual-del-young-property-lawyers-forum\/","title":{"rendered":"Noticia: Nuestro socio Ernesto Vargas Codirigi\u00f3 la conferencia anual del Young Property Lawyers&#8217; Forum."},"content":{"rendered":"<p>La semana pasada, nuestro socio&nbsp;<a href=\"https:\/\/www.linkedin.com\/in\/ACoAAAdv0oEB1YWiXOh1F9GA3mWagX7sKi5Tj2w\">Ernesto Vargas Weil<\/a>&nbsp;codirigi\u00f3 la conferencia anual del Young Property Lawyers\u2019 Forum 2023. El encuentro tuvo lugar en el Instituto de Estudios Jur\u00eddicos Europeos de la Universidad de Osnabr\u00fcck (Alemania) y reuni\u00f3 a estudiantes de doctorado y acad\u00e9micos j\u00f3venes proveniente de una variedad de jurisdicciones en torno al tema de la \u00abpropiedad y sus l\u00edmites\u00bb.&nbsp;M\u00e1s informaci\u00f3n en&nbsp;<a href=\"https:\/\/yplf.net\/\">https:\/\/yplf.net<\/a>.<\/p>\n\n\n\n<figure class=\"wp-block-image size-full\"><img loading=\"lazy\" decoding=\"async\" width=\"800\" height=\"600\" src=\"https:\/\/www.anvp.cl\/wp-content\/uploads\/2023\/06\/image.png\" alt=\"\" class=\"wp-image-977\" srcset=\"https:\/\/www.anvp.cl\/wp-content\/uploads\/2023\/06\/image.png 800w, https:\/\/www.anvp.cl\/wp-content\/uploads\/2023\/06\/image-300x225.png 300w, https:\/\/www.anvp.cl\/wp-content\/uploads\/2023\/06\/image-768x576.png 768w, https:\/\/www.anvp.cl\/wp-content\/uploads\/2023\/06\/image-16x12.png 16w, https:\/\/www.anvp.cl\/wp-content\/uploads\/2023\/06\/image-700x525.png 700w, https:\/\/www.anvp.cl\/wp-content\/uploads\/2023\/06\/image-520x390.png 520w, https:\/\/www.anvp.cl\/wp-content\/uploads\/2023\/06\/image-360x270.png 360w, https:\/\/www.anvp.cl\/wp-content\/uploads\/2023\/06\/image-250x188.png 250w, https:\/\/www.anvp.cl\/wp-content\/uploads\/2023\/06\/image-100x75.png 100w\" sizes=\"auto, (max-width: 800px) 100vw, 800px\" \/><\/figure>","protected":false},"excerpt":{"rendered":"<p>La semana pasada, nuestro socio&nbsp;Ernesto Vargas Weil&nbsp;codirigi\u00f3 la conferencia anual del Young Property Lawyers\u2019 Forum 2023. El encuentro tuvo lugar en el Instituto de Estudios Jur\u00eddicos Europeos de la Universidad de Osnabr\u00fcck (Alemania) y reuni\u00f3 a estudiantes de doctorado y [&hellip;]<\/p>\n","protected":false},"author":1,"featured_media":0,"comment_status":"closed","ping_status":"closed","sticky":false,"template":"","format":"standard","meta":{"footnotes":""},"categories":[1],"tags":[],"class_list":["post-976","post","type-post","status-publish","format-standard","hentry","category-uncategorized","clearfix"],"_links":{"self":[{"href":"https:\/\/www.anvp.cl\/en\/wp-json\/wp\/v2\/posts\/976","targetHints":{"allow":["GET"]}}],"collection":[{"href":"https:\/\/www.anvp.cl\/en\/wp-json\/wp\/v2\/posts"}],"about":[{"href":"https:\/\/www.anvp.cl\/en\/wp-json\/wp\/v2\/types\/post"}],"author":[{"embeddable":true,"href":"https:\/\/www.anvp.cl\/en\/wp-json\/wp\/v2\/users\/1"}],"replies":[{"embeddable":true,"href":"https:\/\/www.anvp.cl\/en\/wp-json\/wp\/v2\/comments?post=976"}],"version-history":[{"count":2,"href":"https:\/\/www.anvp.cl\/en\/wp-json\/wp\/v2\/posts\/976\/revisions"}],"predecessor-version":[{"id":979,"href":"https:\/\/www.anvp.cl\/en\/wp-json\/wp\/v2\/posts\/976\/revisions\/979"}],"wp:attachment":[{"href":"https:\/\/www.anvp.cl\/en\/wp-json\/wp\/v2\/media?parent=976"}],"wp:term":[{"taxonomy":"category","embeddable":true,"href":"https:\/\/www.anvp.cl\/en\/wp-json\/wp\/v2\/categories?post=976"},{"taxonomy":"post_tag","embeddable":true,"href":"https:\/\/www.anvp.cl\/en\/wp-json\/wp\/v2\/tags?post=976"}],"curies":[{"name":"wp","href":"https:\/\/api.w.org\/{rel}","templated":true}]}}