{"id":984,"date":"2023-06-28T15:15:02","date_gmt":"2023-06-28T15:15:02","guid":{"rendered":"https:\/\/www.anvp.cl\/?p=984"},"modified":"2023-06-28T15:18:26","modified_gmt":"2023-06-28T15:18:26","slug":"carta-colegiatura-obligatoria","status":"publish","type":"post","link":"https:\/\/www.anvp.cl\/en\/carta-colegiatura-obligatoria\/","title":{"rendered":"Carta: Colegiatura obligatoria."},"content":{"rendered":"<p>A continuaci\u00f3n, carta al director del lunes pasado de nuestro socio&nbsp;<a href=\"https:\/\/www.linkedin.com\/in\/ACoAABbC2-4By2zxC7xlkPGxncO5I7mGoA6XwUM\">\u00c1lvaro Anr\u00edquez<\/a>&nbsp;en la que interpela a las distintas candidaturas del&nbsp;<a href=\"https:\/\/www.linkedin.com\/in\/ACoAACSCx-AB6xCjdszZlySZdBU4puNbXyzhOFA\">Colegio de Abogados de Chile A.G.<\/a>&nbsp;para que se pronuncien respecto a proscribir la colegiatura obligatoria de los abogados y abogadas en el nivel de referencia constitucional.<\/p>\n\n\n\n<figure class=\"wp-block-image size-large\"><img loading=\"lazy\" decoding=\"async\" width=\"348\" height=\"1024\" src=\"https:\/\/www.anvp.cl\/wp-content\/uploads\/2023\/06\/Carta-AAN-colegiatura-348x1024.png\" alt=\"\" class=\"wp-image-985\" srcset=\"https:\/\/www.anvp.cl\/wp-content\/uploads\/2023\/06\/Carta-AAN-colegiatura-348x1024.png 348w, https:\/\/www.anvp.cl\/wp-content\/uploads\/2023\/06\/Carta-AAN-colegiatura-102x300.png 102w, https:\/\/www.anvp.cl\/wp-content\/uploads\/2023\/06\/Carta-AAN-colegiatura-4x12.png 4w, https:\/\/www.anvp.cl\/wp-content\/uploads\/2023\/06\/Carta-AAN-colegiatura-250x736.png 250w, https:\/\/www.anvp.cl\/wp-content\/uploads\/2023\/06\/Carta-AAN-colegiatura-100x295.png 100w, https:\/\/www.anvp.cl\/wp-content\/uploads\/2023\/06\/Carta-AAN-colegiatura.png 370w\" sizes=\"auto, (max-width: 348px) 100vw, 348px\" \/><\/figure>","protected":false},"excerpt":{"rendered":"<p>A continuaci\u00f3n, carta al director del lunes pasado de nuestro socio&nbsp;\u00c1lvaro Anr\u00edquez&nbsp;en la que interpela a las distintas candidaturas del&nbsp;Colegio de Abogados de Chile A.G.&nbsp;para que se pronuncien respecto a proscribir la colegiatura obligatoria de los abogados y abogadas en [&hellip;]<\/p>\n","protected":false},"author":1,"featured_media":584,"comment_status":"closed","ping_status":"closed","sticky":false,"template":"","format":"standard","meta":{"footnotes":""},"categories":[1],"tags":[],"class_list":["post-984","post","type-post","status-publish","format-standard","has-post-thumbnail","hentry","category-uncategorized","clearfix"],"_links":{"self":[{"href":"https:\/\/www.anvp.cl\/en\/wp-json\/wp\/v2\/posts\/984","targetHints":{"allow":["GET"]}}],"collection":[{"href":"https:\/\/www.anvp.cl\/en\/wp-json\/wp\/v2\/posts"}],"about":[{"href":"https:\/\/www.anvp.cl\/en\/wp-json\/wp\/v2\/types\/post"}],"author":[{"embeddable":true,"href":"https:\/\/www.anvp.cl\/en\/wp-json\/wp\/v2\/users\/1"}],"replies":[{"embeddable":true,"href":"https:\/\/www.anvp.cl\/en\/wp-json\/wp\/v2\/comments?post=984"}],"version-history":[{"count":2,"href":"https:\/\/www.anvp.cl\/en\/wp-json\/wp\/v2\/posts\/984\/revisions"}],"predecessor-version":[{"id":989,"href":"https:\/\/www.anvp.cl\/en\/wp-json\/wp\/v2\/posts\/984\/revisions\/989"}],"wp:featuredmedia":[{"embeddable":true,"href":"https:\/\/www.anvp.cl\/en\/wp-json\/wp\/v2\/media\/584"}],"wp:attachment":[{"href":"https:\/\/www.anvp.cl\/en\/wp-json\/wp\/v2\/media?parent=984"}],"wp:term":[{"taxonomy":"category","embeddable":true,"href":"https:\/\/www.anvp.cl\/en\/wp-json\/wp\/v2\/categories?post=984"},{"taxonomy":"post_tag","embeddable":true,"href":"https:\/\/www.anvp.cl\/en\/wp-json\/wp\/v2\/tags?post=984"}],"curies":[{"name":"wp","href":"https:\/\/api.w.org\/{rel}","templated":true}]}}