{"id":991,"date":"2023-06-30T15:13:47","date_gmt":"2023-06-30T15:13:47","guid":{"rendered":"https:\/\/www.anvp.cl\/?p=991"},"modified":"2023-06-30T15:13:48","modified_gmt":"2023-06-30T15:13:48","slug":"columna-las-bases-constitucionales-del-bienestar","status":"publish","type":"post","link":"https:\/\/www.anvp.cl\/en\/columna-las-bases-constitucionales-del-bienestar\/","title":{"rendered":"Columna: Las bases constitucionales del bienestar."},"content":{"rendered":"<p>En El Mercurio de hoy, bas\u00e1ndose en la experiencia de Alemania y el Reino Unido, nuestro socio\u00a0<a href=\"https:\/\/www.linkedin.com\/in\/ACoAAAdv0oEB1YWiXOh1F9GA3mWagX7sKi5Tj2w\">Ernesto Vargas Weil<\/a>\u00a0aborda c\u00f3mo entender la relaci\u00f3n entre la cl\u00e1usula de Estado Social y la noci\u00f3n de Estado de Bienestar en la nueva propuesta constitucional chilena.<\/p>\n\n\n\n<figure class=\"wp-block-image size-large\"><img loading=\"lazy\" decoding=\"async\" width=\"1024\" height=\"904\" src=\"https:\/\/www.anvp.cl\/wp-content\/uploads\/2023\/06\/WhatsApp-Image-2023-06-30-at-9.07.24-AM-1024x904.jpeg\" alt=\"\" class=\"wp-image-992\" srcset=\"https:\/\/www.anvp.cl\/wp-content\/uploads\/2023\/06\/WhatsApp-Image-2023-06-30-at-9.07.24-AM-1024x904.jpeg 1024w, https:\/\/www.anvp.cl\/wp-content\/uploads\/2023\/06\/WhatsApp-Image-2023-06-30-at-9.07.24-AM-300x265.jpeg 300w, https:\/\/www.anvp.cl\/wp-content\/uploads\/2023\/06\/WhatsApp-Image-2023-06-30-at-9.07.24-AM-768x678.jpeg 768w, https:\/\/www.anvp.cl\/wp-content\/uploads\/2023\/06\/WhatsApp-Image-2023-06-30-at-9.07.24-AM-14x12.jpeg 14w, https:\/\/www.anvp.cl\/wp-content\/uploads\/2023\/06\/WhatsApp-Image-2023-06-30-at-9.07.24-AM-700x618.jpeg 700w, https:\/\/www.anvp.cl\/wp-content\/uploads\/2023\/06\/WhatsApp-Image-2023-06-30-at-9.07.24-AM-520x459.jpeg 520w, https:\/\/www.anvp.cl\/wp-content\/uploads\/2023\/06\/WhatsApp-Image-2023-06-30-at-9.07.24-AM-360x318.jpeg 360w, https:\/\/www.anvp.cl\/wp-content\/uploads\/2023\/06\/WhatsApp-Image-2023-06-30-at-9.07.24-AM-250x221.jpeg 250w, https:\/\/www.anvp.cl\/wp-content\/uploads\/2023\/06\/WhatsApp-Image-2023-06-30-at-9.07.24-AM-100x88.jpeg 100w, https:\/\/www.anvp.cl\/wp-content\/uploads\/2023\/06\/WhatsApp-Image-2023-06-30-at-9.07.24-AM.jpeg 1294w\" sizes=\"auto, (max-width: 1024px) 100vw, 1024px\" \/><\/figure>","protected":false},"excerpt":{"rendered":"<p>En El Mercurio de hoy, bas\u00e1ndose en la experiencia de Alemania y el Reino Unido, nuestro socio\u00a0Ernesto Vargas Weil\u00a0aborda c\u00f3mo entender la relaci\u00f3n entre la cl\u00e1usula de Estado Social y la noci\u00f3n de Estado de Bienestar en la nueva propuesta [&hellip;]<\/p>\n","protected":false},"author":1,"featured_media":821,"comment_status":"closed","ping_status":"closed","sticky":false,"template":"","format":"standard","meta":{"footnotes":""},"categories":[13],"tags":[18,16,19],"class_list":["post-991","post","type-post","status-publish","format-standard","has-post-thumbnail","hentry","category-publicaciones","tag-columna","tag-constitucion","tag-el-mercurio","clearfix"],"_links":{"self":[{"href":"https:\/\/www.anvp.cl\/en\/wp-json\/wp\/v2\/posts\/991","targetHints":{"allow":["GET"]}}],"collection":[{"href":"https:\/\/www.anvp.cl\/en\/wp-json\/wp\/v2\/posts"}],"about":[{"href":"https:\/\/www.anvp.cl\/en\/wp-json\/wp\/v2\/types\/post"}],"author":[{"embeddable":true,"href":"https:\/\/www.anvp.cl\/en\/wp-json\/wp\/v2\/users\/1"}],"replies":[{"embeddable":true,"href":"https:\/\/www.anvp.cl\/en\/wp-json\/wp\/v2\/comments?post=991"}],"version-history":[{"count":1,"href":"https:\/\/www.anvp.cl\/en\/wp-json\/wp\/v2\/posts\/991\/revisions"}],"predecessor-version":[{"id":993,"href":"https:\/\/www.anvp.cl\/en\/wp-json\/wp\/v2\/posts\/991\/revisions\/993"}],"wp:featuredmedia":[{"embeddable":true,"href":"https:\/\/www.anvp.cl\/en\/wp-json\/wp\/v2\/media\/821"}],"wp:attachment":[{"href":"https:\/\/www.anvp.cl\/en\/wp-json\/wp\/v2\/media?parent=991"}],"wp:term":[{"taxonomy":"category","embeddable":true,"href":"https:\/\/www.anvp.cl\/en\/wp-json\/wp\/v2\/categories?post=991"},{"taxonomy":"post_tag","embeddable":true,"href":"https:\/\/www.anvp.cl\/en\/wp-json\/wp\/v2\/tags?post=991"}],"curies":[{"name":"wp","href":"https:\/\/api.w.org\/{rel}","templated":true}]}}